{"id":36,"count":13,"description":"Tous les events qu\u2019on voudra voir apparaitre dans le calendrier (grille), mais pas ailleurs (comme par exemple dans la page Archives)\r\n\/\/ exemples: VACANCES, jours f\u00e9ri\u00e9s, fermeture exceptionnelle, r\u00e9ouverture du Centre","link":"https:\/\/cap-epalinges.ch\/events\/categorie\/events-non-archivables\/","name":"vacances et jours f\u00e9ri\u00e9s","slug":"events-non-archivables","taxonomy":"tribe_events_cat","parent":0,"meta":[],"seo_gk_head":"<!-- This site is optimized with the Yoast SEO plugin v27.5 - https:\/\/yoast.com\/product\/yoast-seo-wordpress\/ -->\n<title>Archives des vacances et jours f\u00e9ri\u00e9s &#062; CAP \u2013 Centre d\u2019animation socioculturelle Palinzard<\/title>\n<meta name=\"robots\" content=\"noindex, follow\" \/>\n<meta property=\"og:locale\" content=\"fr_FR\" \/>\n<meta property=\"og:type\" content=\"article\" \/>\n<meta property=\"og:title\" content=\"Archives des vacances et jours f\u00e9ri\u00e9s &#062; CAP \u2013 Centre d\u2019animation socioculturelle Palinzard\" \/>\n<meta property=\"og:description\" content=\"Tous les events qu\u2019on voudra voir apparaitre dans le calendrier (grille), mais pas ailleurs (comme par exemple dans la page Archives) \/\/ exemples: VACANCES, jours f\u00e9ri\u00e9s, fermeture exceptionnelle, r\u00e9ouverture du Centre\" \/>\n<meta property=\"og:url\" content=\"https:\/\/cap-epalinges.ch\/events\/categorie\/events-non-archivables\/\" \/>\n<meta property=\"og:site_name\" content=\"CAP \u2013 Centre d\u2019animation socioculturelle Palinzard\" \/>\n<meta property=\"og:image\" content=\"https:\/\/cap-epalinges.ch\/imagesgk\/2019\/06\/logo_CAP_HD.png\" \/>\n\t<meta property=\"og:image:width\" content=\"410\" \/>\n\t<meta property=\"og:image:height\" content=\"562\" \/>\n\t<meta property=\"og:image:type\" content=\"image\/png\" \/>\n<meta name=\"twitter:card\" content=\"summary_large_image\" \/>\n<script type=\"application\/ld+json\" class=\"seo_gk-schema-graph\">{\"@context\":\"https:\\\/\\\/schema.org\",\"@graph\":[{\"@type\":\"CollectionPage\",\"@id\":\"https:\\\/\\\/cap-epalinges.ch\\\/events\\\/categorie\\\/events-non-archivables\\\/\",\"url\":\"https:\\\/\\\/cap-epalinges.ch\\\/events\\\/categorie\\\/events-non-archivables\\\/\",\"name\":\"Archives des vacances et jours f\u00e9ri\u00e9s &#062; CAP \u2013 Centre d\u2019animation socioculturelle Palinzard\",\"isPartOf\":{\"@id\":\"https:\\\/\\\/cap-epalinges.ch\\\/#website\"},\"breadcrumb\":{\"@id\":\"https:\\\/\\\/cap-epalinges.ch\\\/events\\\/categorie\\\/events-non-archivables\\\/#breadcrumb\"},\"inLanguage\":\"fr-FR\"},{\"@type\":\"BreadcrumbList\",\"@id\":\"https:\\\/\\\/cap-epalinges.ch\\\/events\\\/categorie\\\/events-non-archivables\\\/#breadcrumb\",\"itemListElement\":[{\"@type\":\"ListItem\",\"position\":1,\"name\":\"Accueil\",\"item\":\"https:\\\/\\\/cap-epalinges.ch\\\/\"},{\"@type\":\"ListItem\",\"position\":2,\"name\":\"vacances et jours f\u00e9ri\u00e9s\"}]},{\"@type\":\"WebSite\",\"@id\":\"https:\\\/\\\/cap-epalinges.ch\\\/#website\",\"url\":\"https:\\\/\\\/cap-epalinges.ch\\\/\",\"name\":\"CAP \u2013 Centre d\u2019animation socioculturelle Palinzard\",\"description\":\"\",\"publisher\":{\"@id\":\"https:\\\/\\\/cap-epalinges.ch\\\/#organization\"},\"potentialAction\":[{\"@type\":\"SearchAction\",\"target\":{\"@type\":\"EntryPoint\",\"urlTemplate\":\"https:\\\/\\\/cap-epalinges.ch\\\/?s={search_term_string}\"},\"query-input\":{\"@type\":\"PropertyValueSpecification\",\"valueRequired\":true,\"valueName\":\"search_term_string\"}}],\"inLanguage\":\"fr-FR\"},{\"@type\":\"Organization\",\"@id\":\"https:\\\/\\\/cap-epalinges.ch\\\/#organization\",\"name\":\"CAP \u2013 Centre d\u2019animation socioculturelle Palinzard\",\"alternateName\":\"CAP \u00c9PALINGES\",\"url\":\"https:\\\/\\\/cap-epalinges.ch\\\/\",\"logo\":{\"@type\":\"ImageObject\",\"inLanguage\":\"fr-FR\",\"@id\":\"https:\\\/\\\/cap-epalinges.ch\\\/#\\\/schema\\\/logo\\\/image\\\/\",\"url\":\"https:\\\/\\\/cap-epalinges.ch\\\/contenusgk\\\/uploads\\\/2019\\\/06\\\/logo_CAP_favicon.png\",\"contentUrl\":\"https:\\\/\\\/cap-epalinges.ch\\\/contenusgk\\\/uploads\\\/2019\\\/06\\\/logo_CAP_favicon.png\",\"width\":512,\"height\":512,\"caption\":\"CAP \u2013 Centre d\u2019animation socioculturelle Palinzard\"},\"image\":{\"@id\":\"https:\\\/\\\/cap-epalinges.ch\\\/#\\\/schema\\\/logo\\\/image\\\/\"},\"sameAs\":[\"https:\\\/\\\/www.facebook.com\\\/CAP.Epalinges\\\/\",\"https:\\\/\\\/www.youtube.com\\\/@cap-epalinges\"]}]}<\/script>\n<!-- \/ Yoast SEO plugin. -->","seo_gk_head_json":{"title":"Archives des vacances et jours f\u00e9ri\u00e9s &#062; CAP \u2013 Centre d\u2019animation socioculturelle Palinzard","robots":{"index":"noindex","follow":"follow"},"og_locale":"fr_FR","og_type":"article","og_title":"Archives des vacances et jours f\u00e9ri\u00e9s &#062; CAP \u2013 Centre d\u2019animation socioculturelle Palinzard","og_description":"Tous les events qu\u2019on voudra voir apparaitre dans le calendrier (grille), mais pas ailleurs (comme par exemple dans la page Archives) \/\/ exemples: VACANCES, jours f\u00e9ri\u00e9s, fermeture exceptionnelle, r\u00e9ouverture du Centre","og_url":"https:\/\/cap-epalinges.ch\/events\/categorie\/events-non-archivables\/","og_site_name":"CAP \u2013 Centre d\u2019animation socioculturelle Palinzard","og_image":[{"width":410,"height":562,"url":"https:\/\/cap-epalinges.ch\/imagesgk\/2019\/06\/logo_CAP_HD.png","type":"image\/png"}],"twitter_card":"summary_large_image","schema":{"@context":"https:\/\/schema.org","@graph":[{"@type":"CollectionPage","@id":"https:\/\/cap-epalinges.ch\/events\/categorie\/events-non-archivables\/","url":"https:\/\/cap-epalinges.ch\/events\/categorie\/events-non-archivables\/","name":"Archives des vacances et jours f\u00e9ri\u00e9s &#062; CAP \u2013 Centre d\u2019animation socioculturelle Palinzard","isPartOf":{"@id":"https:\/\/cap-epalinges.ch\/#website"},"breadcrumb":{"@id":"https:\/\/cap-epalinges.ch\/events\/categorie\/events-non-archivables\/#breadcrumb"},"inLanguage":"fr-FR"},{"@type":"BreadcrumbList","@id":"https:\/\/cap-epalinges.ch\/events\/categorie\/events-non-archivables\/#breadcrumb","itemListElement":[{"@type":"ListItem","position":1,"name":"Accueil","item":"https:\/\/cap-epalinges.ch\/"},{"@type":"ListItem","position":2,"name":"vacances et jours f\u00e9ri\u00e9s"}]},{"@type":"WebSite","@id":"https:\/\/cap-epalinges.ch\/#website","url":"https:\/\/cap-epalinges.ch\/","name":"CAP \u2013 Centre d\u2019animation socioculturelle Palinzard","description":"","publisher":{"@id":"https:\/\/cap-epalinges.ch\/#organization"},"potentialAction":[{"@type":"SearchAction","target":{"@type":"EntryPoint","urlTemplate":"https:\/\/cap-epalinges.ch\/?s={search_term_string}"},"query-input":{"@type":"PropertyValueSpecification","valueRequired":true,"valueName":"search_term_string"}}],"inLanguage":"fr-FR"},{"@type":"Organization","@id":"https:\/\/cap-epalinges.ch\/#organization","name":"CAP \u2013 Centre d\u2019animation socioculturelle Palinzard","alternateName":"CAP \u00c9PALINGES","url":"https:\/\/cap-epalinges.ch\/","logo":{"@type":"ImageObject","inLanguage":"fr-FR","@id":"https:\/\/cap-epalinges.ch\/#\/schema\/logo\/image\/","url":"https:\/\/cap-epalinges.ch\/imagesgk\/2019\/06\/logo_CAP_favicon.png","contentUrl":"https:\/\/cap-epalinges.ch\/imagesgk\/2019\/06\/logo_CAP_favicon.png","width":512,"height":512,"caption":"CAP \u2013 Centre d\u2019animation socioculturelle Palinzard"},"image":{"@id":"https:\/\/cap-epalinges.ch\/#\/schema\/logo\/image\/"},"sameAs":["https:\/\/www.facebook.com\/CAP.Epalinges\/","https:\/\/www.youtube.com\/@cap-epalinges"]}]}},"_links":{"self":[{"href":"https:\/\/cap-epalinges.ch\/api-json-gk\/wp\/v2\/tribe_events_cat\/36","targetHints":{"allow":["GET"]}}],"collection":[{"href":"https:\/\/cap-epalinges.ch\/api-json-gk\/wp\/v2\/tribe_events_cat"}],"about":[{"href":"https:\/\/cap-epalinges.ch\/api-json-gk\/wp\/v2\/taxonomies\/tribe_events_cat"}],"wp:post_type":[{"href":"https:\/\/cap-epalinges.ch\/api-json-gk\/wp\/v2\/tribe_events?tribe_events_cat=36"},{"href":"https:\/\/cap-epalinges.ch\/api-json-gk\/wp\/v2\/tec_calendar_embed?tribe_events_cat=36"}],"curies":[{"name":"wp","href":"https:\/\/api.w.org\/{rel}","templated":true}]}}